{"id":3843,"date":"2024-12-06T18:51:56","date_gmt":"2024-12-06T17:51:56","guid":{"rendered":"https:\/\/www.lesfeuillesvertes.com\/site\/?p=3843"},"modified":"2024-12-06T18:51:58","modified_gmt":"2024-12-06T17:51:58","slug":"atelier-six-familles-de-thes-chinois","status":"publish","type":"post","link":"https:\/\/www.lesfeuillesvertes.com\/site\/atelier-six-familles-de-thes-chinois\/","title":{"rendered":"Atelier &#8211; Six familles de th\u00e9s chinois"},"content":{"rendered":"\n<p>Nous avons h\u00e2te de vous faire d\u00e9couvrir tous les tr\u00e9sors amass\u00e9s lors de notre dernier voyage de th\u00e9\u2026 De partager avec vous les pr\u00e9cieuses r\u00e9coltes, de donner des nouvelles de nos chers producteurs et bien s\u00fbr avoir le plaisir simple de d\u00e9guster un th\u00e9 avec vous.&nbsp;<\/p>\n\n\n\n<p>Pour reprendre en douceur, nous vous proposons un atelier le 09\/12 \u00e0 15h ax\u00e9s sur les principes de base de compr\u00e9hension du th\u00e9, les six familles de th\u00e9s.&nbsp;<\/p>\n\n\n\n<p>De prochains \u00e9v\u00e9nements, ateliers et salon th\u00e9matiques seront \u00e9galement bient\u00f4t disponibles.<\/p>\n\n\n\n<p>Nous nous r\u00e9jouissons de vous accueillir!<\/p>\n\n\n\n<p><strong>Niveau de cet atelier:<\/strong> D\u00e9couverte<\/p>\n\n\n\n<p>Atelier <strong>ouvert \u00e0 toute personne d\u00e9sireuse de mieux conna\u00eetre les th\u00e9s de Chine<\/strong>. <strong>Aucune connaissance<\/strong> pr\u00e9alable n\u2019est requise.<\/p>\n\n\n\n<p>Cet atelier a pour but de vous ouvrir une <strong>premi\u00e8re porte d\u2019acc\u00e8s aux six familles de th\u00e9s chinois<\/strong>, en d\u00e9veloppant leurs caract\u00e9ristiques, leur mode de production et d\u2019autres notions qui permettent de les diff\u00e9rencier. Sur base de <strong>d\u00e9gustations<\/strong>, cet atelier permettra aux curieuses et curieux de naviguer le vaste monde des th\u00e9s de Chine avec plus de fluidit\u00e9.<\/p>\n\n\n\n<p><strong>Date:<\/strong>\u00a009\/12\/2024\u00a0<br><strong>Horaire:\u00a0<\/strong>15h-18h<br><strong>Adresse:<\/strong>\u00a0Rue de la Goutti\u00e8re 3, 1000 Bruxelles,<br><strong>Tarif:<\/strong>\u00a030 euros \/ pers<\/p>\n","protected":false},"excerpt":{"rendered":"<p>Nous avons h\u00e2te de vous faire d\u00e9couvrir tous les tr\u00e9sors amass\u00e9s lors de notre dernier voyage de th\u00e9\u2026 De partager avec vous les pr\u00e9cieuses r\u00e9coltes, de donner des nouvelles de nos chers producteurs et bien s\u00fbr avoir le plaisir simple de d\u00e9guster un th\u00e9 avec vous.&nbsp; Pour reprendre en douceur, nous vous proposons un atelier&#8230;<\/p>\n","protected":false},"author":5,"featured_media":3841,"comment_status":"open","ping_status":"open","sticky":false,"template":"","format":"standard","meta":{"_acf_changed":false,"footnotes":""},"categories":[34],"tags":[58],"class_list":["post-3843","post","type-post","status-publish","format-standard","has-post-thumbnail","hentry","category-activites","tag-atelier","loop-entry clr"],"acf":[],"_links":{"self":[{"href":"https:\/\/www.lesfeuillesvertes.com\/site\/wp-json\/wp\/v2\/posts\/3843","targetHints":{"allow":["GET"]}}],"collection":[{"href":"https:\/\/www.lesfeuillesvertes.com\/site\/wp-json\/wp\/v2\/posts"}],"about":[{"href":"https:\/\/www.lesfeuillesvertes.com\/site\/wp-json\/wp\/v2\/types\/post"}],"author":[{"embeddable":true,"href":"https:\/\/www.lesfeuillesvertes.com\/site\/wp-json\/wp\/v2\/users\/5"}],"replies":[{"embeddable":true,"href":"https:\/\/www.lesfeuillesvertes.com\/site\/wp-json\/wp\/v2\/comments?post=3843"}],"version-history":[{"count":1,"href":"https:\/\/www.lesfeuillesvertes.com\/site\/wp-json\/wp\/v2\/posts\/3843\/revisions"}],"predecessor-version":[{"id":3844,"href":"https:\/\/www.lesfeuillesvertes.com\/site\/wp-json\/wp\/v2\/posts\/3843\/revisions\/3844"}],"wp:featuredmedia":[{"embeddable":true,"href":"https:\/\/www.lesfeuillesvertes.com\/site\/wp-json\/wp\/v2\/media\/3841"}],"wp:attachment":[{"href":"https:\/\/www.lesfeuillesvertes.com\/site\/wp-json\/wp\/v2\/media?parent=3843"}],"wp:term":[{"taxonomy":"category","embeddable":true,"href":"https:\/\/www.lesfeuillesvertes.com\/site\/wp-json\/wp\/v2\/categories?post=3843"},{"taxonomy":"post_tag","embeddable":true,"href":"https:\/\/www.lesfeuillesvertes.com\/site\/wp-json\/wp\/v2\/tags?post=3843"}],"curies":[{"name":"wp","href":"https:\/\/api.w.org\/{rel}","templated":true}]}}